{"id":12,"date":"2010-08-14T02:03:51","date_gmt":"2010-08-14T02:03:51","guid":{"rendered":"http:\/\/juntatreintaytres.gub.uy\/2010\/08\/14\/horario\/"},"modified":"2010-08-14T02:03:51","modified_gmt":"2010-08-14T02:03:51","slug":"horario","status":"publish","type":"post","link":"https:\/\/juntatreintaytres.gub.uy\/?p=12","title":{"rendered":"Horario"},"content":{"rendered":"<p>El Horario de atenci\u00f3n al p\u00fablico es de&nbsp;<br \/>Lunes a Viernes de 13:00 a 18:30 Hs.<\/p>\n<h3 class=\"system-pagebreak\"><span class=\"ff1 fc0 fs10 \"><img loading=\"lazy\" decoding=\"async\" class=\" size-full wp-image-11\" src=\"https:\/\/juntatreintaytres.gub.uy\/wp-content\/uploads\/2010\/08\/clock.jpg\" alt=\"\" width=\"238\" height=\"68\" border=\"0\" \/><\/span><\/h3>\n<p>Las sesiones ordinarias se realizan cada 15&nbsp;<br \/>d\u00edas, los d\u00edas mi\u00e9rcoles a las 20:30 Hs<\/p>\n<p>.<\/p>\n<p>&nbsp;<\/p>\n","protected":false},"excerpt":{"rendered":"<p>El Horario de atenci\u00f3n al p\u00fablico es de&nbsp;Lunes a Viernes de 13:00 a 18:30 Hs. Las sesiones ordinarias se realizan cada 15&nbsp;d\u00edas, los d\u00edas mi\u00e9rcoles a las 20:30 Hs . &nbsp;<\/p>\n","protected":false},"author":2,"featured_media":0,"comment_status":"open","ping_status":"open","sticky":false,"template":"","format":"standard","meta":{"_et_pb_use_builder":"","_et_pb_old_content":"","_et_gb_content_width":"","pgc_sgb_lightbox_settings":"","footnotes":""},"categories":[19],"tags":[],"_links":{"self":[{"href":"https:\/\/juntatreintaytres.gub.uy\/index.php?rest_route=\/wp\/v2\/posts\/12"}],"collection":[{"href":"https:\/\/juntatreintaytres.gub.uy\/index.php?rest_route=\/wp\/v2\/posts"}],"about":[{"href":"https:\/\/juntatreintaytres.gub.uy\/index.php?rest_route=\/wp\/v2\/types\/post"}],"author":[{"embeddable":true,"href":"https:\/\/juntatreintaytres.gub.uy\/index.php?rest_route=\/wp\/v2\/users\/2"}],"replies":[{"embeddable":true,"href":"https:\/\/juntatreintaytres.gub.uy\/index.php?rest_route=%2Fwp%2Fv2%2Fcomments&post=12"}],"version-history":[{"count":0,"href":"https:\/\/juntatreintaytres.gub.uy\/index.php?rest_route=\/wp\/v2\/posts\/12\/revisions"}],"wp:attachment":[{"href":"https:\/\/juntatreintaytres.gub.uy\/index.php?rest_route=%2Fwp%2Fv2%2Fmedia&parent=12"}],"wp:term":[{"taxonomy":"category","embeddable":true,"href":"https:\/\/juntatreintaytres.gub.uy\/index.php?rest_route=%2Fwp%2Fv2%2Fcategories&post=12"},{"taxonomy":"post_tag","embeddable":true,"href":"https:\/\/juntatreintaytres.gub.uy\/index.php?rest_route=%2Fwp%2Fv2%2Ftags&post=12"}],"curies":[{"name":"wp","href":"https:\/\/api.w.org\/{rel}","templated":true}]}}