{"id":9,"date":"2010-08-12T01:35:05","date_gmt":"2010-08-12T01:35:05","guid":{"rendered":"http:\/\/juntatreintaytres.gub.uy\/2010\/08\/12\/biblioteca\/"},"modified":"2010-08-12T01:35:05","modified_gmt":"2010-08-12T01:35:05","slug":"biblioteca","status":"publish","type":"post","link":"https:\/\/juntatreintaytres.gub.uy\/?p=9","title":{"rendered":"Biblioteca"},"content":{"rendered":"<p>&nbsp;<\/p>\n<p><span class=\"ff2 fc2 fs10 \">La Junta Departamental de Treinta y Tres cuenta con una Biblioteca Publica que fue creada por iniciativa del Sr. Edil Luciano Obaldia Goyeneche y aprobada por el Plenario el d\u00eda 30 de mayo de 1943, cuyo cometido principal ha sido y es proponer la cultura a toda la poblaci\u00f3n del Departamento.<\/span><span class=\"ff1 fc0 fs10 \"> <\/p>\n<p><\/span><span class=\"ff2 fc0 fs10 \">Actualmente la Biblioteca \u00abJos\u00e9 Pedro Varela\u00bb funciona en el local de la Junta Departamental desde el 19 de abril de 1979, en horario continuado de lunes a viernes de 09:00 a 17:00 horas.-<\/span><span class=\"ff1 fc0 fs10 \">&nbsp;<\/span><\/p>\n<p><span class=\"ff1 fc0 fs10 \"><\/p>\n<p><\/span><span class=\"ff2 fc0 fs10 \">Es importante se\u00f1alar que la Junta Departamental de Treinta y Tres es<\/span><span class=\"ff1 fc0 fs10 \"> <\/p>\n<p><\/span><span class=\"ff2 fc0 fs10 \">el \u00fanico Cuerpo Legislativo Departamental en el Pa\u00eds que cuenta con<\/span><span class=\"ff1 fc0 fs10 \"> <\/p>\n<p><\/span><span class=\"ff2 fc0 fs10 \">una Biblioteca de esta naturaleza.-<\/span><span class=\"ff1 fc0 fs10 \"> <\/p>\n<p><\/span><span class=\"ff2 fc0 fs10 \">Para su organizaci\u00f3n se emplea el sistema de Clasificaci\u00f3n Decimal Dewey.<\/span><span class=\"ff1 fc0 fs10 \"> <\/p>\n<p><\/span><span class=\"ff2 fc0 fs10 \">SERVICIOS QUE PRESTA.<\/span><span class=\"ff1 fc0 fs10 \"> <\/p>\n<p><\/span><span class=\"ff2 fc0 fs10 \">A) Informaci\u00f3n y consulta<\/span><span class=\"ff1 fc0 fs10 \"> <\/p>\n<p><\/span><span class=\"ff2 fc0 fs10 \">B) Lectura en Sala<\/span><span class=\"ff1 fc0 fs10 \"> <\/p>\n<p><\/span><span class=\"ff2 fc0 fs10 \">c) Pr\u00e9stamo a domicilio<\/span><span class=\"ff1 fc0 fs10 \"> <\/p>\n<p><\/span><span class=\"ff2 fc0 fs10 \">D) Gu\u00eda de asesoramiento de lectores<\/span><span class=\"ff1 fc0 fs10 \"> <\/p>\n<p><\/span><span class=\"ff2 fc0 fs10 \">Sus usuarios son en su mayor\u00eda estudiantes (Primaria, Secundaria, UTU, Magisterio, Facultad) pero utilizan sus servicios adem\u00e1s profesionales, amas de casa y lectores en general. Posee una Secci\u00f3n General (textos que abarcan todos los niveles educativos), una Secci\u00f3n de Referencia (Colecciones, Enciclopedias, Diccionarios), una Secci\u00f3n Infantil, una Secci\u00f3n de Biblioteca Ambulante (pr\u00e9stamo a Escuelas Rurales de textos Educativos y recreativos). Esta \u00faltima secci\u00f3n permite a la Biblioteca llegar a los lugares mas apartados del Departamento.-<\/span><span class=\"ff1 fc0 fs10 \"> <br \/><\/span><\/p>\n","protected":false},"excerpt":{"rendered":"<p>&nbsp;<\/p>\n<p><span class=\"ff2 fc2 fs10 \">La Junta Departamental de Treinta y Tres cuenta con una Biblioteca Publica que fue creada por iniciativa del Sr. Edil Luciano Obaldia Goyeneche y aprobada por el Plenario el d\u00eda 30 de mayo de 1943, cuyo cometido principal ha sido y es proponer la cultura a toda la poblaci\u00f3n del Departamento.<\/span><span class=\"ff1 fc0 fs10 \"> <\/p>\n<p><\/span><span class=\"ff2 fc0 fs10 \">Actualmente la Biblioteca \u00abJos\u00e9 Pedro Varela\u00bb funciona en el local de la Junta Departamental desde el 19 de abril de 1979, en horario continuado de lunes a viernes de 09:00 a 17:00 horas.-<\/span><span class=\"ff1 fc0 fs10 \">&nbsp;<\/span><\/p>\n","protected":false},"author":2,"featured_media":0,"comment_status":"open","ping_status":"open","sticky":false,"template":"","format":"standard","meta":{"_et_pb_use_builder":"","_et_pb_old_content":"","_et_gb_content_width":"","pgc_sgb_lightbox_settings":"","footnotes":""},"categories":[19],"tags":[],"_links":{"self":[{"href":"https:\/\/juntatreintaytres.gub.uy\/index.php?rest_route=\/wp\/v2\/posts\/9"}],"collection":[{"href":"https:\/\/juntatreintaytres.gub.uy\/index.php?rest_route=\/wp\/v2\/posts"}],"about":[{"href":"https:\/\/juntatreintaytres.gub.uy\/index.php?rest_route=\/wp\/v2\/types\/post"}],"author":[{"embeddable":true,"href":"https:\/\/juntatreintaytres.gub.uy\/index.php?rest_route=\/wp\/v2\/users\/2"}],"replies":[{"embeddable":true,"href":"https:\/\/juntatreintaytres.gub.uy\/index.php?rest_route=%2Fwp%2Fv2%2Fcomments&post=9"}],"version-history":[{"count":0,"href":"https:\/\/juntatreintaytres.gub.uy\/index.php?rest_route=\/wp\/v2\/posts\/9\/revisions"}],"wp:attachment":[{"href":"https:\/\/juntatreintaytres.gub.uy\/index.php?rest_route=%2Fwp%2Fv2%2Fmedia&parent=9"}],"wp:term":[{"taxonomy":"category","embeddable":true,"href":"https:\/\/juntatreintaytres.gub.uy\/index.php?rest_route=%2Fwp%2Fv2%2Fcategories&post=9"},{"taxonomy":"post_tag","embeddable":true,"href":"https:\/\/juntatreintaytres.gub.uy\/index.php?rest_route=%2Fwp%2Fv2%2Ftags&post=9"}],"curies":[{"name":"wp","href":"https:\/\/api.w.org\/{rel}","templated":true}]}}